{"id":23598,"date":"2022-12-02T22:05:29","date_gmt":"2022-12-02T21:05:29","guid":{"rendered":"https:\/\/ilbraccoitaliano.org\/wp\/?p=23598"},"modified":"2022-12-02T22:05:43","modified_gmt":"2022-12-02T21:05:43","slug":"omaggio-a-mauro-bellodi","status":"publish","type":"post","link":"https:\/\/ilbraccoitaliano.org\/wp\/2022\/12\/02\/omaggio-a-mauro-bellodi\/","title":{"rendered":"Omaggio a Mauro Bellodi"},"content":{"rendered":"\n\n\n<p>Lo conobbi a Salse di Nirano in occasione del raduno annuale pi\u00f9 importante, erano gli anni 80&#8242;. Un addestratore inglesista gli aveva preparato Diva dei Sanchi, la sua prima bracca in prova si merit\u00f2 il M.B. Quel giorno Mauro tocc\u00f2 il cielo con un dito e l&#8217;entusiasmo continu\u00f2 perch\u00e9 Mauro era un istintivo innamorato del Bracco e di tutte le sue eclettiche e magnifiche invenzioni e manifestazioni. Condusse molti soggetti in prova e molti al Campionato sia di Lavoro che di Bellezza godendo, soprattutto del lavoro dei suoi Bracchi e anche di quelli altrui, perch\u00e9 in modo onesto sapeva apprezzare il buono anche quando non sta in casa propria. Dopo il manifestarsi della malattia che lo costringeva a immobilismi forzati si limit\u00f2 a giudicare solo pochissime prove, molta la sofferenza fisica, ma soprattutto soffriva nell&#8217;anima per non poter seguire i suoi cani per lui che usava prima il cuore della mente alla fine la sua sofferenza era doppia. Ora non soffre pi\u00f9 ed \u00e8 in pace, parenti e amici lo piangono per essere stato in vita un uomo buono e assennato, un cinofilo di valore e impegnato. Addio Mauro non ti scoderemo!<\/p>\n\n\n\n<p>Gian Carlo Perani<\/p>\n","protected":false},"excerpt":{"rendered":"<p>Lo conobbi a Salse di Nirano in occasione del raduno annuale pi\u00f9 importante, erano gli anni 80&#8242;. Un addestratore inglesista gli aveva preparato Diva dei Sanchi, la sua prima bracca in prova si merit\u00f2 il M.B. Quel giorno Mauro tocc\u00f2 il cielo con un dito e l&#8217;entusiasmo continu\u00f2 perch\u00e9 Mauro era un istintivo innamorato del [&hellip;]<\/p>\n","protected":false},"author":8,"featured_media":23599,"comment_status":"open","ping_status":"open","sticky":false,"template":"","format":"standard","meta":{"site-sidebar-layout":"default","site-content-layout":"","ast-site-content-layout":"","site-content-style":"default","site-sidebar-style":"default","ast-global-header-display":"","ast-banner-title-visibility":"","ast-main-header-display":"","ast-hfb-above-header-display":"","ast-hfb-below-header-display":"","ast-hfb-mobile-header-display":"","site-post-title":"","ast-breadcrumbs-content":"","ast-featured-img":"","footer-sml-layout":"","theme-transparent-header-meta":"","adv-header-id-meta":"","stick-header-meta":"","header-above-stick-meta":"","header-main-stick-meta":"","header-below-stick-meta":"","astra-migrate-meta-layouts":"default","ast-page-background-enabled":"default","ast-page-background-meta":{"desktop":{"background-color":"var(--ast-global-color-4)","background-image":"","background-repeat":"repeat","background-position":"center center","background-size":"auto","background-attachment":"scroll","background-type":"","background-media":"","overlay-type":"","overlay-color":"","overlay-gradient":""},"tablet":{"background-color":"","background-image":"","background-repeat":"repeat","background-position":"center center","background-size":"auto","background-attachment":"scroll","background-type":"","background-media":"","overlay-type":"","overlay-color":"","overlay-gradient":""},"mobile":{"background-color":"","background-image":"","background-repeat":"repeat","background-position":"center center","background-size":"auto","background-attachment":"scroll","background-type":"","background-media":"","overlay-type":"","overlay-color":"","overlay-gradient":""}},"ast-content-background-meta":{"desktop":{"background-color":"var(--ast-global-color-5)","background-image":"","background-repeat":"repeat","background-position":"center center","background-size":"auto","background-attachment":"scroll","background-type":"","background-media":"","overlay-type":"","overlay-color":"","overlay-gradient":""},"tablet":{"background-color":"var(--ast-global-color-5)","background-image":"","background-repeat":"repeat","background-position":"center center","background-size":"auto","background-attachment":"scroll","background-type":"","background-media":"","overlay-type":"","overlay-color":"","overlay-gradient":""},"mobile":{"background-color":"var(--ast-global-color-5)","background-image":"","background-repeat":"repeat","background-position":"center center","background-size":"auto","background-attachment":"scroll","background-type":"","background-media":"","overlay-type":"","overlay-color":"","overlay-gradient":""}},"footnotes":""},"categories":[1],"tags":[],"class_list":["post-23598","post","type-post","status-publish","format-standard","has-post-thumbnail","hentry","category-senza-categoria"],"yoast_head":"<!-- This site is optimized with the Yoast SEO plugin v26.8 - https:\/\/yoast.com\/product\/yoast-seo-wordpress\/ -->\n<title>Omaggio a Mauro Bellodi - Societ\u00e0 Amatori Bracco Italiano<\/title>\n<meta name=\"robots\" content=\"index, follow, max-snippet:-1, max-image-preview:large, max-video-preview:-1\" \/>\n<link rel=\"canonical\" href=\"https:\/\/ilbraccoitaliano.org\/wp\/2022\/12\/02\/omaggio-a-mauro-bellodi\/\" \/>\n<meta property=\"og:locale\" content=\"it_IT\" \/>\n<meta property=\"og:type\" content=\"article\" \/>\n<meta property=\"og:title\" content=\"Omaggio a Mauro Bellodi - Societ\u00e0 Amatori Bracco Italiano\" \/>\n<meta property=\"og:description\" content=\"Lo conobbi a Salse di Nirano in occasione del raduno annuale pi\u00f9 importante, erano gli anni 80&#8242;. Un addestratore inglesista gli aveva preparato Diva dei Sanchi, la sua prima bracca in prova si merit\u00f2 il M.B. Quel giorno Mauro tocc\u00f2 il cielo con un dito e l&#8217;entusiasmo continu\u00f2 perch\u00e9 Mauro era un istintivo innamorato del [&hellip;]\" \/>\n<meta property=\"og:url\" content=\"https:\/\/ilbraccoitaliano.org\/wp\/2022\/12\/02\/omaggio-a-mauro-bellodi\/\" \/>\n<meta property=\"og:site_name\" content=\"Societ\u00e0 Amatori Bracco Italiano\" \/>\n<meta property=\"article:published_time\" content=\"2022-12-02T21:05:29+00:00\" \/>\n<meta property=\"article:modified_time\" content=\"2022-12-02T21:05:43+00:00\" \/>\n<meta property=\"og:image\" content=\"http:\/\/ilbraccoitaliano.org\/wp\/wp-content\/uploads\/2022\/12\/mauro-bellodi.jpg\" \/>\n\t<meta property=\"og:image:width\" content=\"481\" \/>\n\t<meta property=\"og:image:height\" content=\"560\" \/>\n\t<meta property=\"og:image:type\" content=\"image\/jpeg\" \/>\n<meta name=\"author\" content=\"Francesco Poggi\" \/>\n<meta name=\"twitter:card\" content=\"summary_large_image\" \/>\n<meta name=\"twitter:label1\" content=\"Scritto da\" \/>\n\t<meta name=\"twitter:data1\" content=\"Francesco Poggi\" \/>\n\t<meta name=\"twitter:label2\" content=\"Tempo di lettura stimato\" \/>\n\t<meta name=\"twitter:data2\" content=\"2 minuti\" \/>\n<script type=\"application\/ld+json\" class=\"yoast-schema-graph\">{\"@context\":\"https:\/\/schema.org\",\"@graph\":[{\"@type\":\"Article\",\"@id\":\"https:\/\/ilbraccoitaliano.org\/wp\/2022\/12\/02\/omaggio-a-mauro-bellodi\/#article\",\"isPartOf\":{\"@id\":\"https:\/\/ilbraccoitaliano.org\/wp\/2022\/12\/02\/omaggio-a-mauro-bellodi\/\"},\"author\":{\"name\":\"Francesco Poggi\",\"@id\":\"https:\/\/ilbraccoitaliano.org\/wp\/#\/schema\/person\/b4ed48414df3b99d466afba6dbc36d6d\"},\"headline\":\"Omaggio a Mauro Bellodi\",\"datePublished\":\"2022-12-02T21:05:29+00:00\",\"dateModified\":\"2022-12-02T21:05:43+00:00\",\"mainEntityOfPage\":{\"@id\":\"https:\/\/ilbraccoitaliano.org\/wp\/2022\/12\/02\/omaggio-a-mauro-bellodi\/\"},\"wordCount\":199,\"commentCount\":0,\"publisher\":{\"@id\":\"https:\/\/ilbraccoitaliano.org\/wp\/#organization\"},\"image\":{\"@id\":\"https:\/\/ilbraccoitaliano.org\/wp\/2022\/12\/02\/omaggio-a-mauro-bellodi\/#primaryimage\"},\"thumbnailUrl\":\"https:\/\/ilbraccoitaliano.org\/wp\/wp-content\/uploads\/2022\/12\/mauro-bellodi.jpg\",\"inLanguage\":\"it-IT\",\"potentialAction\":[{\"@type\":\"CommentAction\",\"name\":\"Comment\",\"target\":[\"https:\/\/ilbraccoitaliano.org\/wp\/2022\/12\/02\/omaggio-a-mauro-bellodi\/#respond\"]}]},{\"@type\":\"WebPage\",\"@id\":\"https:\/\/ilbraccoitaliano.org\/wp\/2022\/12\/02\/omaggio-a-mauro-bellodi\/\",\"url\":\"https:\/\/ilbraccoitaliano.org\/wp\/2022\/12\/02\/omaggio-a-mauro-bellodi\/\",\"name\":\"Omaggio a Mauro Bellodi - Societ\u00e0 Amatori Bracco Italiano\",\"isPartOf\":{\"@id\":\"https:\/\/ilbraccoitaliano.org\/wp\/#website\"},\"primaryImageOfPage\":{\"@id\":\"https:\/\/ilbraccoitaliano.org\/wp\/2022\/12\/02\/omaggio-a-mauro-bellodi\/#primaryimage\"},\"image\":{\"@id\":\"https:\/\/ilbraccoitaliano.org\/wp\/2022\/12\/02\/omaggio-a-mauro-bellodi\/#primaryimage\"},\"thumbnailUrl\":\"https:\/\/ilbraccoitaliano.org\/wp\/wp-content\/uploads\/2022\/12\/mauro-bellodi.jpg\",\"datePublished\":\"2022-12-02T21:05:29+00:00\",\"dateModified\":\"2022-12-02T21:05:43+00:00\",\"breadcrumb\":{\"@id\":\"https:\/\/ilbraccoitaliano.org\/wp\/2022\/12\/02\/omaggio-a-mauro-bellodi\/#breadcrumb\"},\"inLanguage\":\"it-IT\",\"potentialAction\":[{\"@type\":\"ReadAction\",\"target\":[\"https:\/\/ilbraccoitaliano.org\/wp\/2022\/12\/02\/omaggio-a-mauro-bellodi\/\"]}]},{\"@type\":\"ImageObject\",\"inLanguage\":\"it-IT\",\"@id\":\"https:\/\/ilbraccoitaliano.org\/wp\/2022\/12\/02\/omaggio-a-mauro-bellodi\/#primaryimage\",\"url\":\"https:\/\/ilbraccoitaliano.org\/wp\/wp-content\/uploads\/2022\/12\/mauro-bellodi.jpg\",\"contentUrl\":\"https:\/\/ilbraccoitaliano.org\/wp\/wp-content\/uploads\/2022\/12\/mauro-bellodi.jpg\",\"width\":481,\"height\":560},{\"@type\":\"BreadcrumbList\",\"@id\":\"https:\/\/ilbraccoitaliano.org\/wp\/2022\/12\/02\/omaggio-a-mauro-bellodi\/#breadcrumb\",\"itemListElement\":[{\"@type\":\"ListItem\",\"position\":1,\"name\":\"Home\",\"item\":\"https:\/\/ilbraccoitaliano.org\/wp\/\"},{\"@type\":\"ListItem\",\"position\":2,\"name\":\"Omaggio a Mauro Bellodi\"}]},{\"@type\":\"WebSite\",\"@id\":\"https:\/\/ilbraccoitaliano.org\/wp\/#website\",\"url\":\"https:\/\/ilbraccoitaliano.org\/wp\/\",\"name\":\"Societ\u00e0 Amatori Bracco Italiano\",\"description\":\"Riconosciuta dall&#039;E.N.C.I dal 1949\",\"publisher\":{\"@id\":\"https:\/\/ilbraccoitaliano.org\/wp\/#organization\"},\"potentialAction\":[{\"@type\":\"SearchAction\",\"target\":{\"@type\":\"EntryPoint\",\"urlTemplate\":\"https:\/\/ilbraccoitaliano.org\/wp\/?s={search_term_string}\"},\"query-input\":{\"@type\":\"PropertyValueSpecification\",\"valueRequired\":true,\"valueName\":\"search_term_string\"}}],\"inLanguage\":\"it-IT\"},{\"@type\":\"Organization\",\"@id\":\"https:\/\/ilbraccoitaliano.org\/wp\/#organization\",\"name\":\"Societ\u00e0 Amatori Bracco Italiano\",\"url\":\"https:\/\/ilbraccoitaliano.org\/wp\/\",\"logo\":{\"@type\":\"ImageObject\",\"inLanguage\":\"it-IT\",\"@id\":\"https:\/\/ilbraccoitaliano.org\/wp\/#\/schema\/logo\/image\/\",\"url\":\"https:\/\/ilbraccoitaliano.org\/wp\/wp-content\/uploads\/2022\/05\/Logo-SABIok.png\",\"contentUrl\":\"https:\/\/ilbraccoitaliano.org\/wp\/wp-content\/uploads\/2022\/05\/Logo-SABIok.png\",\"width\":500,\"height\":355,\"caption\":\"Societ\u00e0 Amatori Bracco Italiano\"},\"image\":{\"@id\":\"https:\/\/ilbraccoitaliano.org\/wp\/#\/schema\/logo\/image\/\"}},{\"@type\":\"Person\",\"@id\":\"https:\/\/ilbraccoitaliano.org\/wp\/#\/schema\/person\/b4ed48414df3b99d466afba6dbc36d6d\",\"name\":\"Francesco Poggi\",\"image\":{\"@type\":\"ImageObject\",\"inLanguage\":\"it-IT\",\"@id\":\"https:\/\/ilbraccoitaliano.org\/wp\/#\/schema\/person\/image\/\",\"url\":\"https:\/\/secure.gravatar.com\/avatar\/bedc5fcd495190b9baaea58c77569ed4?s=96&d=mm&r=g\",\"contentUrl\":\"https:\/\/secure.gravatar.com\/avatar\/bedc5fcd495190b9baaea58c77569ed4?s=96&d=mm&r=g\",\"caption\":\"Francesco Poggi\"}}]}<\/script>\n<!-- \/ Yoast SEO plugin. -->","yoast_head_json":{"title":"Omaggio a Mauro Bellodi - Societ\u00e0 Amatori Bracco Italiano","robots":{"index":"index","follow":"follow","max-snippet":"max-snippet:-1","max-image-preview":"max-image-preview:large","max-video-preview":"max-video-preview:-1"},"canonical":"https:\/\/ilbraccoitaliano.org\/wp\/2022\/12\/02\/omaggio-a-mauro-bellodi\/","og_locale":"it_IT","og_type":"article","og_title":"Omaggio a Mauro Bellodi - Societ\u00e0 Amatori Bracco Italiano","og_description":"Lo conobbi a Salse di Nirano in occasione del raduno annuale pi\u00f9 importante, erano gli anni 80&#8242;. Un addestratore inglesista gli aveva preparato Diva dei Sanchi, la sua prima bracca in prova si merit\u00f2 il M.B. Quel giorno Mauro tocc\u00f2 il cielo con un dito e l&#8217;entusiasmo continu\u00f2 perch\u00e9 Mauro era un istintivo innamorato del [&hellip;]","og_url":"https:\/\/ilbraccoitaliano.org\/wp\/2022\/12\/02\/omaggio-a-mauro-bellodi\/","og_site_name":"Societ\u00e0 Amatori Bracco Italiano","article_published_time":"2022-12-02T21:05:29+00:00","article_modified_time":"2022-12-02T21:05:43+00:00","og_image":[{"width":481,"height":560,"url":"http:\/\/ilbraccoitaliano.org\/wp\/wp-content\/uploads\/2022\/12\/mauro-bellodi.jpg","type":"image\/jpeg"}],"author":"Francesco Poggi","twitter_card":"summary_large_image","twitter_misc":{"Scritto da":"Francesco Poggi","Tempo di lettura stimato":"2 minuti"},"schema":{"@context":"https:\/\/schema.org","@graph":[{"@type":"Article","@id":"https:\/\/ilbraccoitaliano.org\/wp\/2022\/12\/02\/omaggio-a-mauro-bellodi\/#article","isPartOf":{"@id":"https:\/\/ilbraccoitaliano.org\/wp\/2022\/12\/02\/omaggio-a-mauro-bellodi\/"},"author":{"name":"Francesco Poggi","@id":"https:\/\/ilbraccoitaliano.org\/wp\/#\/schema\/person\/b4ed48414df3b99d466afba6dbc36d6d"},"headline":"Omaggio a Mauro Bellodi","datePublished":"2022-12-02T21:05:29+00:00","dateModified":"2022-12-02T21:05:43+00:00","mainEntityOfPage":{"@id":"https:\/\/ilbraccoitaliano.org\/wp\/2022\/12\/02\/omaggio-a-mauro-bellodi\/"},"wordCount":199,"commentCount":0,"publisher":{"@id":"https:\/\/ilbraccoitaliano.org\/wp\/#organization"},"image":{"@id":"https:\/\/ilbraccoitaliano.org\/wp\/2022\/12\/02\/omaggio-a-mauro-bellodi\/#primaryimage"},"thumbnailUrl":"https:\/\/ilbraccoitaliano.org\/wp\/wp-content\/uploads\/2022\/12\/mauro-bellodi.jpg","inLanguage":"it-IT","potentialAction":[{"@type":"CommentAction","name":"Comment","target":["https:\/\/ilbraccoitaliano.org\/wp\/2022\/12\/02\/omaggio-a-mauro-bellodi\/#respond"]}]},{"@type":"WebPage","@id":"https:\/\/ilbraccoitaliano.org\/wp\/2022\/12\/02\/omaggio-a-mauro-bellodi\/","url":"https:\/\/ilbraccoitaliano.org\/wp\/2022\/12\/02\/omaggio-a-mauro-bellodi\/","name":"Omaggio a Mauro Bellodi - Societ\u00e0 Amatori Bracco Italiano","isPartOf":{"@id":"https:\/\/ilbraccoitaliano.org\/wp\/#website"},"primaryImageOfPage":{"@id":"https:\/\/ilbraccoitaliano.org\/wp\/2022\/12\/02\/omaggio-a-mauro-bellodi\/#primaryimage"},"image":{"@id":"https:\/\/ilbraccoitaliano.org\/wp\/2022\/12\/02\/omaggio-a-mauro-bellodi\/#primaryimage"},"thumbnailUrl":"https:\/\/ilbraccoitaliano.org\/wp\/wp-content\/uploads\/2022\/12\/mauro-bellodi.jpg","datePublished":"2022-12-02T21:05:29+00:00","dateModified":"2022-12-02T21:05:43+00:00","breadcrumb":{"@id":"https:\/\/ilbraccoitaliano.org\/wp\/2022\/12\/02\/omaggio-a-mauro-bellodi\/#breadcrumb"},"inLanguage":"it-IT","potentialAction":[{"@type":"ReadAction","target":["https:\/\/ilbraccoitaliano.org\/wp\/2022\/12\/02\/omaggio-a-mauro-bellodi\/"]}]},{"@type":"ImageObject","inLanguage":"it-IT","@id":"https:\/\/ilbraccoitaliano.org\/wp\/2022\/12\/02\/omaggio-a-mauro-bellodi\/#primaryimage","url":"https:\/\/ilbraccoitaliano.org\/wp\/wp-content\/uploads\/2022\/12\/mauro-bellodi.jpg","contentUrl":"https:\/\/ilbraccoitaliano.org\/wp\/wp-content\/uploads\/2022\/12\/mauro-bellodi.jpg","width":481,"height":560},{"@type":"BreadcrumbList","@id":"https:\/\/ilbraccoitaliano.org\/wp\/2022\/12\/02\/omaggio-a-mauro-bellodi\/#breadcrumb","itemListElement":[{"@type":"ListItem","position":1,"name":"Home","item":"https:\/\/ilbraccoitaliano.org\/wp\/"},{"@type":"ListItem","position":2,"name":"Omaggio a Mauro Bellodi"}]},{"@type":"WebSite","@id":"https:\/\/ilbraccoitaliano.org\/wp\/#website","url":"https:\/\/ilbraccoitaliano.org\/wp\/","name":"Societ\u00e0 Amatori Bracco Italiano","description":"Riconosciuta dall&#039;E.N.C.I dal 1949","publisher":{"@id":"https:\/\/ilbraccoitaliano.org\/wp\/#organization"},"potentialAction":[{"@type":"SearchAction","target":{"@type":"EntryPoint","urlTemplate":"https:\/\/ilbraccoitaliano.org\/wp\/?s={search_term_string}"},"query-input":{"@type":"PropertyValueSpecification","valueRequired":true,"valueName":"search_term_string"}}],"inLanguage":"it-IT"},{"@type":"Organization","@id":"https:\/\/ilbraccoitaliano.org\/wp\/#organization","name":"Societ\u00e0 Amatori Bracco Italiano","url":"https:\/\/ilbraccoitaliano.org\/wp\/","logo":{"@type":"ImageObject","inLanguage":"it-IT","@id":"https:\/\/ilbraccoitaliano.org\/wp\/#\/schema\/logo\/image\/","url":"https:\/\/ilbraccoitaliano.org\/wp\/wp-content\/uploads\/2022\/05\/Logo-SABIok.png","contentUrl":"https:\/\/ilbraccoitaliano.org\/wp\/wp-content\/uploads\/2022\/05\/Logo-SABIok.png","width":500,"height":355,"caption":"Societ\u00e0 Amatori Bracco Italiano"},"image":{"@id":"https:\/\/ilbraccoitaliano.org\/wp\/#\/schema\/logo\/image\/"}},{"@type":"Person","@id":"https:\/\/ilbraccoitaliano.org\/wp\/#\/schema\/person\/b4ed48414df3b99d466afba6dbc36d6d","name":"Francesco Poggi","image":{"@type":"ImageObject","inLanguage":"it-IT","@id":"https:\/\/ilbraccoitaliano.org\/wp\/#\/schema\/person\/image\/","url":"https:\/\/secure.gravatar.com\/avatar\/bedc5fcd495190b9baaea58c77569ed4?s=96&d=mm&r=g","contentUrl":"https:\/\/secure.gravatar.com\/avatar\/bedc5fcd495190b9baaea58c77569ed4?s=96&d=mm&r=g","caption":"Francesco Poggi"}}]}},"jetpack_featured_media_url":"https:\/\/ilbraccoitaliano.org\/wp\/wp-content\/uploads\/2022\/12\/mauro-bellodi.jpg","_links":{"self":[{"href":"https:\/\/ilbraccoitaliano.org\/wp\/wp-json\/wp\/v2\/posts\/23598","targetHints":{"allow":["GET"]}}],"collection":[{"href":"https:\/\/ilbraccoitaliano.org\/wp\/wp-json\/wp\/v2\/posts"}],"about":[{"href":"https:\/\/ilbraccoitaliano.org\/wp\/wp-json\/wp\/v2\/types\/post"}],"author":[{"embeddable":true,"href":"https:\/\/ilbraccoitaliano.org\/wp\/wp-json\/wp\/v2\/users\/8"}],"replies":[{"embeddable":true,"href":"https:\/\/ilbraccoitaliano.org\/wp\/wp-json\/wp\/v2\/comments?post=23598"}],"version-history":[{"count":1,"href":"https:\/\/ilbraccoitaliano.org\/wp\/wp-json\/wp\/v2\/posts\/23598\/revisions"}],"predecessor-version":[{"id":23600,"href":"https:\/\/ilbraccoitaliano.org\/wp\/wp-json\/wp\/v2\/posts\/23598\/revisions\/23600"}],"wp:featuredmedia":[{"embeddable":true,"href":"https:\/\/ilbraccoitaliano.org\/wp\/wp-json\/wp\/v2\/media\/23599"}],"wp:attachment":[{"href":"https:\/\/ilbraccoitaliano.org\/wp\/wp-json\/wp\/v2\/media?parent=23598"}],"wp:term":[{"taxonomy":"category","embeddable":true,"href":"https:\/\/ilbraccoitaliano.org\/wp\/wp-json\/wp\/v2\/categories?post=23598"},{"taxonomy":"post_tag","embeddable":true,"href":"https:\/\/ilbraccoitaliano.org\/wp\/wp-json\/wp\/v2\/tags?post=23598"}],"curies":[{"name":"wp","href":"https:\/\/api.w.org\/{rel}","templated":true}]}}