{"id":24178,"date":"2023-10-22T22:48:33","date_gmt":"2023-10-22T20:48:33","guid":{"rendered":"https:\/\/ilbraccoitaliano.org\/wp\/?p=24178"},"modified":"2024-06-17T14:07:38","modified_gmt":"2024-06-17T12:07:38","slug":"nuovo-consiglio-direttivo-sabi-international","status":"publish","type":"post","link":"https:\/\/ilbraccoitaliano.org\/wp\/2023\/10\/22\/nuovo-consiglio-direttivo-sabi-international\/","title":{"rendered":"Nuovo consiglio direttivo SABI International"},"content":{"rendered":"\n<p align=\"LEFT\"><span style=\"font-family: Arial, sans-serif;\"><span style=\"font-size: medium;\">In occasione del Terzo Raduno Mondiale del Bracco Italiano, si \u00e8 svolta l\u2019<b>Assemblea ordinaria della SABI International<\/b>, allo scopo di ricostituire l\u2019Associazione ed il suo Direttivo in ogni sua parte, poich\u00e9 trascorsi pi\u00f9 di 5 anni dalla nomina del precedente Consiglio.<\/span><\/span><\/p>\n<p align=\"LEFT\"><span style=\"font-family: Arial, sans-serif;\"><span style=\"font-size: medium;\">Lo scopo della SABI International \u00e8 quello di intensificare i rapporti tra l\u2019Italia e il resto del mondo per mantenere ottimale lo stato di salute della razza e sotto controllo l\u2019aderenza agli Standard attuali di bellezza e lavoro, per preservare e uniformare la razza in tutto il mondo.<\/span><\/span><\/p>\n<p align=\"LEFT\"><span style=\"font-family: Arial, sans-serif;\"><span style=\"font-size: medium;\">A tal fine si propone l\u2019organizzazione di eventi periodici ed itineranti, pensati sulla falsa riga del Raduno Mondiale di Arezzo, e che quindi prevedano un convegno sullo stato della razza, un\u2019esposizione ed una prova di lavoro. Finalit\u00e0 di questi incontri sar\u00e0 quindi, principalmente, di fornire un indirizzo zootecnico agli allevatori e ai Soci dei Club stranieri e di aggiornare i giudici. <\/span><\/span><\/p>\n<p align=\"LEFT\"><span style=\"text-decoration: underline;\"><span style=\"font-family: Arial, sans-serif;\"><span style=\"font-size: medium;\">I Club esteri presenti, gi\u00e0 membri della SABI Int. Che confermano l\u2019adesione all\u2019Associazione sono:<\/span><\/span><\/span><\/p>\n<ul>\n<li><span style=\"color: #3366ff;\"><a style=\"color: #3366ff;\" href=\"https:\/\/www.thebraccoclub.org\"><span style=\"font-family: Arial, sans-serif;\"><span style=\"font-size: medium;\">BRACCO ITALIANO CLUB OF AMERICA<\/span><\/span><\/a><\/span><\/li>\n<li><span style=\"color: #3366ff;\"><a style=\"color: #3366ff;\" href=\"https:\/\/braccoitalianoclub.co.uk\"><span style=\"font-size: medium; font-family: Arial, sans-serif; background-color: var(--ast-global-color-5);\">BRACCO ITALIANO CLUB UK<\/span><\/a><\/span><\/li>\n<li><a href=\"https:\/\/braccoitaliano.nl\" target=\"_blank\" rel=\"noopener\"><span style=\"font-size: medium; font-family: Arial, sans-serif; color: var(--ast-global-color-3); background-color: var(--ast-global-color-5);\"><span style=\"color: #3366ff;\">BRACCO ITALIANO CLUB NEDERLAND<\/span><\/span><\/a><\/li>\n<li><span style=\"color: #3366ff;\"><a style=\"color: #3366ff;\" href=\"https:\/\/braccoitaliano.fi\"><span style=\"font-size: medium; font-family: Arial, sans-serif; background-color: var(--ast-global-color-5);\">BRACCO ITALIANO FINLAND RY<\/span><\/a><\/span><\/li>\n<li><a href=\"http:\/\/www.kjs.dk\"><span style=\"font-size: medium; font-family: Arial, sans-serif; color: var(--ast-global-color-3); background-color: var(--ast-global-color-5);\"><span style=\"color: #3366ff;\">KLUBBEN FOR JAGTHUNDE UDEN SPECIALKLUB DENMARK<\/span><\/span><\/a><\/li>\n<li><span style=\"color: #3366ff;\"><a style=\"color: #3366ff;\" href=\"https:\/\/srbs.se\"><span style=\"font-size: medium; font-family: Arial, sans-serif; background-color: var(--ast-global-color-5);\">SVENSKA RASKLUBBENFOR BRACCO ITALIANO OCH SPINONE<\/span><\/a><\/span><\/li>\n<li><span style=\"font-size: medium; font-family: Arial, sans-serif; color: var(--ast-global-color-3); background-color: var(--ast-global-color-5);\">IG BRACCO ITALIANO GERMANY<\/span><\/li>\n<\/ul>\n<p align=\"LEFT\"><span style=\"text-decoration: underline;\"><span style=\"font-family: Arial, sans-serif;\"><span style=\"font-size: medium;\">I Paesi che richiedono di associarsi sono:<\/span><\/span><\/span><\/p>\n<ul>\n<li><span style=\"font-family: Arial, sans-serif;\"><span style=\"font-size: medium;\">FRANCIA<\/span><\/span><\/li>\n<li><span style=\"font-size: medium; font-family: Arial, sans-serif; color: var(--ast-global-color-3); background-color: var(--ast-global-color-5);\">NORVEGIA<\/span><\/li>\n<li><span style=\"font-size: medium; font-family: Arial, sans-serif; color: var(--ast-global-color-3); background-color: var(--ast-global-color-5);\">PORTOGALLO<\/span><\/li>\n<li><span style=\"font-size: medium; font-family: Arial, sans-serif; color: var(--ast-global-color-3); background-color: var(--ast-global-color-5);\">POLONIA<\/span><\/li>\n<\/ul>\n<p align=\"LEFT\"><span style=\"font-family: Arial, sans-serif;\"><span style=\"font-size: medium;\">Il nuovo Consiglio Direttivo viene costituito come segue:<\/span><\/span><\/p>\n<p align=\"CENTER\"><span style=\"font-family: Arial, sans-serif;\"><span style=\"font-size: medium;\">Giuseppe Colombo Manfroni \u2013 <b>Presidente<\/b><\/span><\/span><\/p>\n<p align=\"CENTER\"><span style=\"font-family: Arial, sans-serif;\"><span style=\"font-size: medium;\">Gitte Finnich Pedersen \u2013 <b>Vice Presidente<\/b><\/span><\/span><\/p>\n<p align=\"CENTER\"><span style=\"font-family: Arial, sans-serif;\"><span style=\"font-size: medium;\"><b>Consiglieri<\/b><\/span><\/span><\/p>\n<p align=\"CENTER\"><span style=\"font-family: Arial, sans-serif;\"><span style=\"font-size: medium;\">Claudio De Giuliani<br \/>Alessandro Ermini<\/span><\/span><\/p>\n<p align=\"CENTER\"><span style=\"font-family: Arial, sans-serif;\"><span style=\"font-size: medium;\">Allison Schultz [USA]<br \/>Tamara Van Den Dam [Nederland]<br \/>Petra Penttonen [Finland]<\/span><\/span><\/p>\n<p align=\"CENTER\"><span style=\"font-family: Arial, sans-serif;\"><span style=\"font-size: medium;\"><b>Segretario<\/b><\/span><\/span><\/p>\n<p align=\"CENTER\"><span style=\"font-family: Arial, sans-serif;\"><span style=\"font-size: medium;\">Giulia Del Buono<\/span><\/span><\/p>\n","protected":false},"excerpt":{"rendered":"<p>In occasione del Terzo Raduno Mondiale del Bracco Italiano, si \u00e8 svolta l\u2019Assemblea ordinaria della SABI International, allo scopo di ricostituire l\u2019Associazione ed il suo Direttivo in ogni sua parte, poich\u00e9 trascorsi pi\u00f9 di 5 anni dalla nomina del precedente Consiglio. Lo scopo della SABI International \u00e8 quello di intensificare i rapporti tra l\u2019Italia e [&hellip;]<\/p>\n","protected":false},"author":8,"featured_media":24179,"comment_status":"open","ping_status":"open","sticky":false,"template":"","format":"standard","meta":{"site-sidebar-layout":"default","site-content-layout":"","ast-site-content-layout":"default","site-content-style":"default","site-sidebar-style":"default","ast-global-header-display":"","ast-banner-title-visibility":"","ast-main-header-display":"","ast-hfb-above-header-display":"","ast-hfb-below-header-display":"","ast-hfb-mobile-header-display":"","site-post-title":"","ast-breadcrumbs-content":"","ast-featured-img":"","footer-sml-layout":"","theme-transparent-header-meta":"","adv-header-id-meta":"","stick-header-meta":"","header-above-stick-meta":"","header-main-stick-meta":"","header-below-stick-meta":"","astra-migrate-meta-layouts":"set","ast-page-background-enabled":"default","ast-page-background-meta":{"desktop":{"background-color":"var(--ast-global-color-4)","background-image":"","background-repeat":"repeat","background-position":"center center","background-size":"auto","background-attachment":"scroll","background-type":"","background-media":"","overlay-type":"","overlay-color":"","overlay-gradient":""},"tablet":{"background-color":"","background-image":"","background-repeat":"repeat","background-position":"center center","background-size":"auto","background-attachment":"scroll","background-type":"","background-media":"","overlay-type":"","overlay-color":"","overlay-gradient":""},"mobile":{"background-color":"","background-image":"","background-repeat":"repeat","background-position":"center center","background-size":"auto","background-attachment":"scroll","background-type":"","background-media":"","overlay-type":"","overlay-color":"","overlay-gradient":""}},"ast-content-background-meta":{"desktop":{"background-color":"var(--ast-global-color-5)","background-image":"","background-repeat":"repeat","background-position":"center center","background-size":"auto","background-attachment":"scroll","background-type":"","background-media":"","overlay-type":"","overlay-color":"","overlay-gradient":""},"tablet":{"background-color":"var(--ast-global-color-5)","background-image":"","background-repeat":"repeat","background-position":"center center","background-size":"auto","background-attachment":"scroll","background-type":"","background-media":"","overlay-type":"","overlay-color":"","overlay-gradient":""},"mobile":{"background-color":"var(--ast-global-color-5)","background-image":"","background-repeat":"repeat","background-position":"center center","background-size":"auto","background-attachment":"scroll","background-type":"","background-media":"","overlay-type":"","overlay-color":"","overlay-gradient":""}},"footnotes":""},"categories":[90],"tags":[],"class_list":["post-24178","post","type-post","status-publish","format-standard","has-post-thumbnail","hentry","category-news"],"yoast_head":"<!-- This site is optimized with the Yoast SEO plugin v26.8 - https:\/\/yoast.com\/product\/yoast-seo-wordpress\/ -->\n<title>Nuovo consiglio direttivo SABI International - Societ\u00e0 Amatori Bracco Italiano<\/title>\n<meta name=\"robots\" content=\"index, follow, max-snippet:-1, max-image-preview:large, max-video-preview:-1\" \/>\n<link rel=\"canonical\" href=\"https:\/\/ilbraccoitaliano.org\/wp\/2023\/10\/22\/nuovo-consiglio-direttivo-sabi-international\/\" \/>\n<meta property=\"og:locale\" content=\"it_IT\" \/>\n<meta property=\"og:type\" content=\"article\" \/>\n<meta property=\"og:title\" content=\"Nuovo consiglio direttivo SABI International - Societ\u00e0 Amatori Bracco Italiano\" \/>\n<meta property=\"og:description\" content=\"In occasione del Terzo Raduno Mondiale del Bracco Italiano, si \u00e8 svolta l\u2019Assemblea ordinaria della SABI International, allo scopo di ricostituire l\u2019Associazione ed il suo Direttivo in ogni sua parte, poich\u00e9 trascorsi pi\u00f9 di 5 anni dalla nomina del precedente Consiglio. Lo scopo della SABI International \u00e8 quello di intensificare i rapporti tra l\u2019Italia e [&hellip;]\" \/>\n<meta property=\"og:url\" content=\"https:\/\/ilbraccoitaliano.org\/wp\/2023\/10\/22\/nuovo-consiglio-direttivo-sabi-international\/\" \/>\n<meta property=\"og:site_name\" content=\"Societ\u00e0 Amatori Bracco Italiano\" \/>\n<meta property=\"article:published_time\" content=\"2023-10-22T20:48:33+00:00\" \/>\n<meta property=\"article:modified_time\" content=\"2024-06-17T12:07:38+00:00\" \/>\n<meta property=\"og:image\" content=\"http:\/\/ilbraccoitaliano.org\/wp\/wp-content\/uploads\/2023\/10\/sabi-international.png\" \/>\n\t<meta property=\"og:image:width\" content=\"1768\" \/>\n\t<meta property=\"og:image:height\" content=\"626\" \/>\n\t<meta property=\"og:image:type\" content=\"image\/png\" \/>\n<meta name=\"author\" content=\"Francesco Poggi\" \/>\n<meta name=\"twitter:card\" content=\"summary_large_image\" \/>\n<meta name=\"twitter:label1\" content=\"Scritto da\" \/>\n\t<meta name=\"twitter:data1\" content=\"Francesco Poggi\" \/>\n\t<meta name=\"twitter:label2\" content=\"Tempo di lettura stimato\" \/>\n\t<meta name=\"twitter:data2\" content=\"2 minuti\" \/>\n<script type=\"application\/ld+json\" class=\"yoast-schema-graph\">{\"@context\":\"https:\/\/schema.org\",\"@graph\":[{\"@type\":\"Article\",\"@id\":\"https:\/\/ilbraccoitaliano.org\/wp\/2023\/10\/22\/nuovo-consiglio-direttivo-sabi-international\/#article\",\"isPartOf\":{\"@id\":\"https:\/\/ilbraccoitaliano.org\/wp\/2023\/10\/22\/nuovo-consiglio-direttivo-sabi-international\/\"},\"author\":{\"name\":\"Francesco Poggi\",\"@id\":\"https:\/\/ilbraccoitaliano.org\/wp\/#\/schema\/person\/b4ed48414df3b99d466afba6dbc36d6d\"},\"headline\":\"Nuovo consiglio direttivo SABI International\",\"datePublished\":\"2023-10-22T20:48:33+00:00\",\"dateModified\":\"2024-06-17T12:07:38+00:00\",\"mainEntityOfPage\":{\"@id\":\"https:\/\/ilbraccoitaliano.org\/wp\/2023\/10\/22\/nuovo-consiglio-direttivo-sabi-international\/\"},\"wordCount\":255,\"commentCount\":0,\"publisher\":{\"@id\":\"https:\/\/ilbraccoitaliano.org\/wp\/#organization\"},\"image\":{\"@id\":\"https:\/\/ilbraccoitaliano.org\/wp\/2023\/10\/22\/nuovo-consiglio-direttivo-sabi-international\/#primaryimage\"},\"thumbnailUrl\":\"https:\/\/ilbraccoitaliano.org\/wp\/wp-content\/uploads\/2023\/10\/sabi-international.png\",\"articleSection\":[\"News\"],\"inLanguage\":\"it-IT\",\"potentialAction\":[{\"@type\":\"CommentAction\",\"name\":\"Comment\",\"target\":[\"https:\/\/ilbraccoitaliano.org\/wp\/2023\/10\/22\/nuovo-consiglio-direttivo-sabi-international\/#respond\"]}]},{\"@type\":\"WebPage\",\"@id\":\"https:\/\/ilbraccoitaliano.org\/wp\/2023\/10\/22\/nuovo-consiglio-direttivo-sabi-international\/\",\"url\":\"https:\/\/ilbraccoitaliano.org\/wp\/2023\/10\/22\/nuovo-consiglio-direttivo-sabi-international\/\",\"name\":\"Nuovo consiglio direttivo SABI International - Societ\u00e0 Amatori Bracco Italiano\",\"isPartOf\":{\"@id\":\"https:\/\/ilbraccoitaliano.org\/wp\/#website\"},\"primaryImageOfPage\":{\"@id\":\"https:\/\/ilbraccoitaliano.org\/wp\/2023\/10\/22\/nuovo-consiglio-direttivo-sabi-international\/#primaryimage\"},\"image\":{\"@id\":\"https:\/\/ilbraccoitaliano.org\/wp\/2023\/10\/22\/nuovo-consiglio-direttivo-sabi-international\/#primaryimage\"},\"thumbnailUrl\":\"https:\/\/ilbraccoitaliano.org\/wp\/wp-content\/uploads\/2023\/10\/sabi-international.png\",\"datePublished\":\"2023-10-22T20:48:33+00:00\",\"dateModified\":\"2024-06-17T12:07:38+00:00\",\"breadcrumb\":{\"@id\":\"https:\/\/ilbraccoitaliano.org\/wp\/2023\/10\/22\/nuovo-consiglio-direttivo-sabi-international\/#breadcrumb\"},\"inLanguage\":\"it-IT\",\"potentialAction\":[{\"@type\":\"ReadAction\",\"target\":[\"https:\/\/ilbraccoitaliano.org\/wp\/2023\/10\/22\/nuovo-consiglio-direttivo-sabi-international\/\"]}]},{\"@type\":\"ImageObject\",\"inLanguage\":\"it-IT\",\"@id\":\"https:\/\/ilbraccoitaliano.org\/wp\/2023\/10\/22\/nuovo-consiglio-direttivo-sabi-international\/#primaryimage\",\"url\":\"https:\/\/ilbraccoitaliano.org\/wp\/wp-content\/uploads\/2023\/10\/sabi-international.png\",\"contentUrl\":\"https:\/\/ilbraccoitaliano.org\/wp\/wp-content\/uploads\/2023\/10\/sabi-international.png\",\"width\":1768,\"height\":626},{\"@type\":\"BreadcrumbList\",\"@id\":\"https:\/\/ilbraccoitaliano.org\/wp\/2023\/10\/22\/nuovo-consiglio-direttivo-sabi-international\/#breadcrumb\",\"itemListElement\":[{\"@type\":\"ListItem\",\"position\":1,\"name\":\"Home\",\"item\":\"https:\/\/ilbraccoitaliano.org\/wp\/\"},{\"@type\":\"ListItem\",\"position\":2,\"name\":\"Nuovo consiglio direttivo SABI International\"}]},{\"@type\":\"WebSite\",\"@id\":\"https:\/\/ilbraccoitaliano.org\/wp\/#website\",\"url\":\"https:\/\/ilbraccoitaliano.org\/wp\/\",\"name\":\"Societ\u00e0 Amatori Bracco Italiano\",\"description\":\"Riconosciuta dall&#039;E.N.C.I dal 1949\",\"publisher\":{\"@id\":\"https:\/\/ilbraccoitaliano.org\/wp\/#organization\"},\"potentialAction\":[{\"@type\":\"SearchAction\",\"target\":{\"@type\":\"EntryPoint\",\"urlTemplate\":\"https:\/\/ilbraccoitaliano.org\/wp\/?s={search_term_string}\"},\"query-input\":{\"@type\":\"PropertyValueSpecification\",\"valueRequired\":true,\"valueName\":\"search_term_string\"}}],\"inLanguage\":\"it-IT\"},{\"@type\":\"Organization\",\"@id\":\"https:\/\/ilbraccoitaliano.org\/wp\/#organization\",\"name\":\"Societ\u00e0 Amatori Bracco Italiano\",\"url\":\"https:\/\/ilbraccoitaliano.org\/wp\/\",\"logo\":{\"@type\":\"ImageObject\",\"inLanguage\":\"it-IT\",\"@id\":\"https:\/\/ilbraccoitaliano.org\/wp\/#\/schema\/logo\/image\/\",\"url\":\"https:\/\/ilbraccoitaliano.org\/wp\/wp-content\/uploads\/2022\/05\/Logo-SABIok.png\",\"contentUrl\":\"https:\/\/ilbraccoitaliano.org\/wp\/wp-content\/uploads\/2022\/05\/Logo-SABIok.png\",\"width\":500,\"height\":355,\"caption\":\"Societ\u00e0 Amatori Bracco Italiano\"},\"image\":{\"@id\":\"https:\/\/ilbraccoitaliano.org\/wp\/#\/schema\/logo\/image\/\"}},{\"@type\":\"Person\",\"@id\":\"https:\/\/ilbraccoitaliano.org\/wp\/#\/schema\/person\/b4ed48414df3b99d466afba6dbc36d6d\",\"name\":\"Francesco Poggi\",\"image\":{\"@type\":\"ImageObject\",\"inLanguage\":\"it-IT\",\"@id\":\"https:\/\/ilbraccoitaliano.org\/wp\/#\/schema\/person\/image\/\",\"url\":\"https:\/\/secure.gravatar.com\/avatar\/bedc5fcd495190b9baaea58c77569ed4?s=96&d=mm&r=g\",\"contentUrl\":\"https:\/\/secure.gravatar.com\/avatar\/bedc5fcd495190b9baaea58c77569ed4?s=96&d=mm&r=g\",\"caption\":\"Francesco Poggi\"}}]}<\/script>\n<!-- \/ Yoast SEO plugin. -->","yoast_head_json":{"title":"Nuovo consiglio direttivo SABI International - Societ\u00e0 Amatori Bracco Italiano","robots":{"index":"index","follow":"follow","max-snippet":"max-snippet:-1","max-image-preview":"max-image-preview:large","max-video-preview":"max-video-preview:-1"},"canonical":"https:\/\/ilbraccoitaliano.org\/wp\/2023\/10\/22\/nuovo-consiglio-direttivo-sabi-international\/","og_locale":"it_IT","og_type":"article","og_title":"Nuovo consiglio direttivo SABI International - Societ\u00e0 Amatori Bracco Italiano","og_description":"In occasione del Terzo Raduno Mondiale del Bracco Italiano, si \u00e8 svolta l\u2019Assemblea ordinaria della SABI International, allo scopo di ricostituire l\u2019Associazione ed il suo Direttivo in ogni sua parte, poich\u00e9 trascorsi pi\u00f9 di 5 anni dalla nomina del precedente Consiglio. Lo scopo della SABI International \u00e8 quello di intensificare i rapporti tra l\u2019Italia e [&hellip;]","og_url":"https:\/\/ilbraccoitaliano.org\/wp\/2023\/10\/22\/nuovo-consiglio-direttivo-sabi-international\/","og_site_name":"Societ\u00e0 Amatori Bracco Italiano","article_published_time":"2023-10-22T20:48:33+00:00","article_modified_time":"2024-06-17T12:07:38+00:00","og_image":[{"width":1768,"height":626,"url":"http:\/\/ilbraccoitaliano.org\/wp\/wp-content\/uploads\/2023\/10\/sabi-international.png","type":"image\/png"}],"author":"Francesco Poggi","twitter_card":"summary_large_image","twitter_misc":{"Scritto da":"Francesco Poggi","Tempo di lettura stimato":"2 minuti"},"schema":{"@context":"https:\/\/schema.org","@graph":[{"@type":"Article","@id":"https:\/\/ilbraccoitaliano.org\/wp\/2023\/10\/22\/nuovo-consiglio-direttivo-sabi-international\/#article","isPartOf":{"@id":"https:\/\/ilbraccoitaliano.org\/wp\/2023\/10\/22\/nuovo-consiglio-direttivo-sabi-international\/"},"author":{"name":"Francesco Poggi","@id":"https:\/\/ilbraccoitaliano.org\/wp\/#\/schema\/person\/b4ed48414df3b99d466afba6dbc36d6d"},"headline":"Nuovo consiglio direttivo SABI International","datePublished":"2023-10-22T20:48:33+00:00","dateModified":"2024-06-17T12:07:38+00:00","mainEntityOfPage":{"@id":"https:\/\/ilbraccoitaliano.org\/wp\/2023\/10\/22\/nuovo-consiglio-direttivo-sabi-international\/"},"wordCount":255,"commentCount":0,"publisher":{"@id":"https:\/\/ilbraccoitaliano.org\/wp\/#organization"},"image":{"@id":"https:\/\/ilbraccoitaliano.org\/wp\/2023\/10\/22\/nuovo-consiglio-direttivo-sabi-international\/#primaryimage"},"thumbnailUrl":"https:\/\/ilbraccoitaliano.org\/wp\/wp-content\/uploads\/2023\/10\/sabi-international.png","articleSection":["News"],"inLanguage":"it-IT","potentialAction":[{"@type":"CommentAction","name":"Comment","target":["https:\/\/ilbraccoitaliano.org\/wp\/2023\/10\/22\/nuovo-consiglio-direttivo-sabi-international\/#respond"]}]},{"@type":"WebPage","@id":"https:\/\/ilbraccoitaliano.org\/wp\/2023\/10\/22\/nuovo-consiglio-direttivo-sabi-international\/","url":"https:\/\/ilbraccoitaliano.org\/wp\/2023\/10\/22\/nuovo-consiglio-direttivo-sabi-international\/","name":"Nuovo consiglio direttivo SABI International - Societ\u00e0 Amatori Bracco Italiano","isPartOf":{"@id":"https:\/\/ilbraccoitaliano.org\/wp\/#website"},"primaryImageOfPage":{"@id":"https:\/\/ilbraccoitaliano.org\/wp\/2023\/10\/22\/nuovo-consiglio-direttivo-sabi-international\/#primaryimage"},"image":{"@id":"https:\/\/ilbraccoitaliano.org\/wp\/2023\/10\/22\/nuovo-consiglio-direttivo-sabi-international\/#primaryimage"},"thumbnailUrl":"https:\/\/ilbraccoitaliano.org\/wp\/wp-content\/uploads\/2023\/10\/sabi-international.png","datePublished":"2023-10-22T20:48:33+00:00","dateModified":"2024-06-17T12:07:38+00:00","breadcrumb":{"@id":"https:\/\/ilbraccoitaliano.org\/wp\/2023\/10\/22\/nuovo-consiglio-direttivo-sabi-international\/#breadcrumb"},"inLanguage":"it-IT","potentialAction":[{"@type":"ReadAction","target":["https:\/\/ilbraccoitaliano.org\/wp\/2023\/10\/22\/nuovo-consiglio-direttivo-sabi-international\/"]}]},{"@type":"ImageObject","inLanguage":"it-IT","@id":"https:\/\/ilbraccoitaliano.org\/wp\/2023\/10\/22\/nuovo-consiglio-direttivo-sabi-international\/#primaryimage","url":"https:\/\/ilbraccoitaliano.org\/wp\/wp-content\/uploads\/2023\/10\/sabi-international.png","contentUrl":"https:\/\/ilbraccoitaliano.org\/wp\/wp-content\/uploads\/2023\/10\/sabi-international.png","width":1768,"height":626},{"@type":"BreadcrumbList","@id":"https:\/\/ilbraccoitaliano.org\/wp\/2023\/10\/22\/nuovo-consiglio-direttivo-sabi-international\/#breadcrumb","itemListElement":[{"@type":"ListItem","position":1,"name":"Home","item":"https:\/\/ilbraccoitaliano.org\/wp\/"},{"@type":"ListItem","position":2,"name":"Nuovo consiglio direttivo SABI International"}]},{"@type":"WebSite","@id":"https:\/\/ilbraccoitaliano.org\/wp\/#website","url":"https:\/\/ilbraccoitaliano.org\/wp\/","name":"Societ\u00e0 Amatori Bracco Italiano","description":"Riconosciuta dall&#039;E.N.C.I dal 1949","publisher":{"@id":"https:\/\/ilbraccoitaliano.org\/wp\/#organization"},"potentialAction":[{"@type":"SearchAction","target":{"@type":"EntryPoint","urlTemplate":"https:\/\/ilbraccoitaliano.org\/wp\/?s={search_term_string}"},"query-input":{"@type":"PropertyValueSpecification","valueRequired":true,"valueName":"search_term_string"}}],"inLanguage":"it-IT"},{"@type":"Organization","@id":"https:\/\/ilbraccoitaliano.org\/wp\/#organization","name":"Societ\u00e0 Amatori Bracco Italiano","url":"https:\/\/ilbraccoitaliano.org\/wp\/","logo":{"@type":"ImageObject","inLanguage":"it-IT","@id":"https:\/\/ilbraccoitaliano.org\/wp\/#\/schema\/logo\/image\/","url":"https:\/\/ilbraccoitaliano.org\/wp\/wp-content\/uploads\/2022\/05\/Logo-SABIok.png","contentUrl":"https:\/\/ilbraccoitaliano.org\/wp\/wp-content\/uploads\/2022\/05\/Logo-SABIok.png","width":500,"height":355,"caption":"Societ\u00e0 Amatori Bracco Italiano"},"image":{"@id":"https:\/\/ilbraccoitaliano.org\/wp\/#\/schema\/logo\/image\/"}},{"@type":"Person","@id":"https:\/\/ilbraccoitaliano.org\/wp\/#\/schema\/person\/b4ed48414df3b99d466afba6dbc36d6d","name":"Francesco Poggi","image":{"@type":"ImageObject","inLanguage":"it-IT","@id":"https:\/\/ilbraccoitaliano.org\/wp\/#\/schema\/person\/image\/","url":"https:\/\/secure.gravatar.com\/avatar\/bedc5fcd495190b9baaea58c77569ed4?s=96&d=mm&r=g","contentUrl":"https:\/\/secure.gravatar.com\/avatar\/bedc5fcd495190b9baaea58c77569ed4?s=96&d=mm&r=g","caption":"Francesco Poggi"}}]}},"jetpack_featured_media_url":"https:\/\/ilbraccoitaliano.org\/wp\/wp-content\/uploads\/2023\/10\/sabi-international.png","_links":{"self":[{"href":"https:\/\/ilbraccoitaliano.org\/wp\/wp-json\/wp\/v2\/posts\/24178","targetHints":{"allow":["GET"]}}],"collection":[{"href":"https:\/\/ilbraccoitaliano.org\/wp\/wp-json\/wp\/v2\/posts"}],"about":[{"href":"https:\/\/ilbraccoitaliano.org\/wp\/wp-json\/wp\/v2\/types\/post"}],"author":[{"embeddable":true,"href":"https:\/\/ilbraccoitaliano.org\/wp\/wp-json\/wp\/v2\/users\/8"}],"replies":[{"embeddable":true,"href":"https:\/\/ilbraccoitaliano.org\/wp\/wp-json\/wp\/v2\/comments?post=24178"}],"version-history":[{"count":5,"href":"https:\/\/ilbraccoitaliano.org\/wp\/wp-json\/wp\/v2\/posts\/24178\/revisions"}],"predecessor-version":[{"id":24497,"href":"https:\/\/ilbraccoitaliano.org\/wp\/wp-json\/wp\/v2\/posts\/24178\/revisions\/24497"}],"wp:featuredmedia":[{"embeddable":true,"href":"https:\/\/ilbraccoitaliano.org\/wp\/wp-json\/wp\/v2\/media\/24179"}],"wp:attachment":[{"href":"https:\/\/ilbraccoitaliano.org\/wp\/wp-json\/wp\/v2\/media?parent=24178"}],"wp:term":[{"taxonomy":"category","embeddable":true,"href":"https:\/\/ilbraccoitaliano.org\/wp\/wp-json\/wp\/v2\/categories?post=24178"},{"taxonomy":"post_tag","embeddable":true,"href":"https:\/\/ilbraccoitaliano.org\/wp\/wp-json\/wp\/v2\/tags?post=24178"}],"curies":[{"name":"wp","href":"https:\/\/api.w.org\/{rel}","templated":true}]}}