{"id":24339,"date":"2024-02-28T14:14:01","date_gmt":"2024-02-28T13:14:01","guid":{"rendered":"https:\/\/ilbraccoitaliano.org\/wp\/?p=24339"},"modified":"2024-02-28T14:14:02","modified_gmt":"2024-02-28T13:14:02","slug":"assemblea-dei-soci-marzo-2024","status":"publish","type":"post","link":"https:\/\/ilbraccoitaliano.org\/wp\/2024\/02\/28\/assemblea-dei-soci-marzo-2024\/","title":{"rendered":"Avviso convocazione dell\u2019assemblea dei soci 17 marzo 2024"},"content":{"rendered":"\n<p>Ai sensi degli art. 12, 13 e 14 dello Statuto Sociale della Societ\u00e0 Amatori Bracco Italiano (SABI), si comunica che l&#8217;<strong>Assemblea Ordinaria dei Soci della SABI <\/strong>\u00e8 convocata in Parma presso Federcaccia &#8211; Piazza Lago Balano 9 &#8211; 43126 Parma &#8211; <strong>alle ore 09:00 di domenica 17 marzo 2024 e in seconda convocazione per lo stesso giorno alle ore 10:00<\/strong>, per discutere sul seguente ordine del giorno:<\/p>\n\n\n\n<ol class=\"wp-block-list\">\n<li><strong>Relazione del Presidente<\/strong><\/li>\n\n\n\n<li><strong>Approvazione del rendiconto consuntivo 2023<\/strong><\/li>\n\n\n\n<li><strong>Elezione di un Sindaco Revisore<\/strong><\/li>\n\n\n\n<li><strong>Premiazione trofei sociali<\/strong><\/li>\n\n\n\n<li><strong>Varie ed eventuali<\/strong><\/li>\n<\/ol>\n\n\n\n<p>La riunione assembleare \u00e8 valida in prima convocazione quando siano presenti o rappresentati almeno la met\u00e0 pi\u00f9 uno dei soci ordinari o sostenitori. L&#8217;Assemblea sar\u00e0 valida in seconda convocazione qualunque sia il numero dei soci presenti o rappresentati. Possono partecipare all&#8217;Assemblea con diritto di voto i soci maggiorenni in regola con il versamento della quota sociale per l&#8217;anno in corso. In piena attuazione dei principi di uguaglianza e democraticit\u00e0 associativa, ogni socio ha diritto ad un voto. Il socio pu\u00f2 farsi rappresentare in Assemblea da altro socio mediante delega scritta e firmata.<br>Ogni socio pu\u00f2 essere portatore di non pi\u00f9 di due deleghe. Non \u00e8 ammesso il voto per posta. Le deleghe debbono essere depositate dal socio cui sono state intestate, prima che l&#8217;Assemblea abbia inizio. Non sono ammesse correzioni o cancellazioni sulle deleghe n\u00e9 \u00e8 consentito che un socio delegato possa trasterire le proprie deleghe ad un altro.<\/p>\n\n\n\n<p>I soci in possesso di deleghe dovranno presentarsi presso la sede assembleare il giorno 17 marzo 2024 dalle 09:00 per il deposito delle deleghe.<\/p>\n\n\n\n<p>Sar\u00e0 inoltre possibile rinnovare la quota associativa dell&#8217;anno in corso che verr\u00e0 accettata esclusivamente con pagamento a mezzo contante.<\/p>\n","protected":false},"excerpt":{"rendered":"<p>Ai sensi degli art. 12, 13 e 14 dello Statuto Sociale della Societ\u00e0 Amatori Bracco Italiano (SABI), si comunica che l&#8217;Assemblea Ordinaria dei Soci della SABI \u00e8 convocata in Parma presso Federcaccia &#8211; Piazza Lago Balano 9 &#8211; 43126 Parma &#8211; alle ore 09:00 di domenica 17 marzo 2024 e in seconda convocazione per lo [&hellip;]<\/p>\n","protected":false},"author":5,"featured_media":24341,"comment_status":"open","ping_status":"open","sticky":false,"template":"","format":"standard","meta":{"site-sidebar-layout":"default","site-content-layout":"","ast-site-content-layout":"default","site-content-style":"default","site-sidebar-style":"default","ast-global-header-display":"","ast-banner-title-visibility":"","ast-main-header-display":"","ast-hfb-above-header-display":"","ast-hfb-below-header-display":"","ast-hfb-mobile-header-display":"","site-post-title":"","ast-breadcrumbs-content":"","ast-featured-img":"","footer-sml-layout":"","theme-transparent-header-meta":"","adv-header-id-meta":"","stick-header-meta":"","header-above-stick-meta":"","header-main-stick-meta":"","header-below-stick-meta":"","astra-migrate-meta-layouts":"set","ast-page-background-enabled":"default","ast-page-background-meta":{"desktop":{"background-color":"var(--ast-global-color-4)","background-image":"","background-repeat":"repeat","background-position":"center center","background-size":"auto","background-attachment":"scroll","background-type":"","background-media":"","overlay-type":"","overlay-color":"","overlay-gradient":""},"tablet":{"background-color":"","background-image":"","background-repeat":"repeat","background-position":"center center","background-size":"auto","background-attachment":"scroll","background-type":"","background-media":"","overlay-type":"","overlay-color":"","overlay-gradient":""},"mobile":{"background-color":"","background-image":"","background-repeat":"repeat","background-position":"center center","background-size":"auto","background-attachment":"scroll","background-type":"","background-media":"","overlay-type":"","overlay-color":"","overlay-gradient":""}},"ast-content-background-meta":{"desktop":{"background-color":"var(--ast-global-color-5)","background-image":"","background-repeat":"repeat","background-position":"center center","background-size":"auto","background-attachment":"scroll","background-type":"","background-media":"","overlay-type":"","overlay-color":"","overlay-gradient":""},"tablet":{"background-color":"var(--ast-global-color-5)","background-image":"","background-repeat":"repeat","background-position":"center center","background-size":"auto","background-attachment":"scroll","background-type":"","background-media":"","overlay-type":"","overlay-color":"","overlay-gradient":""},"mobile":{"background-color":"var(--ast-global-color-5)","background-image":"","background-repeat":"repeat","background-position":"center center","background-size":"auto","background-attachment":"scroll","background-type":"","background-media":"","overlay-type":"","overlay-color":"","overlay-gradient":""}},"footnotes":""},"categories":[90],"tags":[],"class_list":["post-24339","post","type-post","status-publish","format-standard","has-post-thumbnail","hentry","category-news"],"yoast_head":"<!-- This site is optimized with the Yoast SEO plugin v26.8 - https:\/\/yoast.com\/product\/yoast-seo-wordpress\/ -->\n<title>Avviso convocazione dell\u2019assemblea dei soci 17 marzo 2024 - Societ\u00e0 Amatori Bracco Italiano<\/title>\n<meta name=\"robots\" content=\"index, follow, max-snippet:-1, max-image-preview:large, max-video-preview:-1\" \/>\n<link rel=\"canonical\" href=\"https:\/\/ilbraccoitaliano.org\/wp\/2024\/02\/28\/assemblea-dei-soci-marzo-2024\/\" \/>\n<meta property=\"og:locale\" content=\"it_IT\" \/>\n<meta property=\"og:type\" content=\"article\" \/>\n<meta property=\"og:title\" content=\"Avviso convocazione dell\u2019assemblea dei soci 17 marzo 2024 - Societ\u00e0 Amatori Bracco Italiano\" \/>\n<meta property=\"og:description\" content=\"Ai sensi degli art. 12, 13 e 14 dello Statuto Sociale della Societ\u00e0 Amatori Bracco Italiano (SABI), si comunica che l&#8217;Assemblea Ordinaria dei Soci della SABI \u00e8 convocata in Parma presso Federcaccia &#8211; Piazza Lago Balano 9 &#8211; 43126 Parma &#8211; alle ore 09:00 di domenica 17 marzo 2024 e in seconda convocazione per lo [&hellip;]\" \/>\n<meta property=\"og:url\" content=\"https:\/\/ilbraccoitaliano.org\/wp\/2024\/02\/28\/assemblea-dei-soci-marzo-2024\/\" \/>\n<meta property=\"og:site_name\" content=\"Societ\u00e0 Amatori Bracco Italiano\" \/>\n<meta property=\"article:published_time\" content=\"2024-02-28T13:14:01+00:00\" \/>\n<meta property=\"article:modified_time\" content=\"2024-02-28T13:14:02+00:00\" \/>\n<meta property=\"og:image\" content=\"http:\/\/ilbraccoitaliano.org\/wp\/wp-content\/uploads\/2024\/02\/assemblea.jpg\" \/>\n\t<meta property=\"og:image:width\" content=\"1200\" \/>\n\t<meta property=\"og:image:height\" content=\"626\" \/>\n\t<meta property=\"og:image:type\" content=\"image\/jpeg\" \/>\n<meta name=\"author\" content=\"Amministrazione\" \/>\n<meta name=\"twitter:card\" content=\"summary_large_image\" \/>\n<meta name=\"twitter:label1\" content=\"Scritto da\" \/>\n\t<meta name=\"twitter:data1\" content=\"Amministrazione\" \/>\n\t<meta name=\"twitter:label2\" content=\"Tempo di lettura stimato\" \/>\n\t<meta name=\"twitter:data2\" content=\"2 minuti\" \/>\n<script type=\"application\/ld+json\" class=\"yoast-schema-graph\">{\"@context\":\"https:\/\/schema.org\",\"@graph\":[{\"@type\":\"Article\",\"@id\":\"https:\/\/ilbraccoitaliano.org\/wp\/2024\/02\/28\/assemblea-dei-soci-marzo-2024\/#article\",\"isPartOf\":{\"@id\":\"https:\/\/ilbraccoitaliano.org\/wp\/2024\/02\/28\/assemblea-dei-soci-marzo-2024\/\"},\"author\":{\"name\":\"Amministrazione\",\"@id\":\"https:\/\/ilbraccoitaliano.org\/wp\/#\/schema\/person\/25d36234b2843bd28eed53a96153152f\"},\"headline\":\"Avviso convocazione dell\u2019assemblea dei soci 17 marzo 2024\",\"datePublished\":\"2024-02-28T13:14:01+00:00\",\"dateModified\":\"2024-02-28T13:14:02+00:00\",\"mainEntityOfPage\":{\"@id\":\"https:\/\/ilbraccoitaliano.org\/wp\/2024\/02\/28\/assemblea-dei-soci-marzo-2024\/\"},\"wordCount\":268,\"commentCount\":0,\"publisher\":{\"@id\":\"https:\/\/ilbraccoitaliano.org\/wp\/#organization\"},\"image\":{\"@id\":\"https:\/\/ilbraccoitaliano.org\/wp\/2024\/02\/28\/assemblea-dei-soci-marzo-2024\/#primaryimage\"},\"thumbnailUrl\":\"https:\/\/ilbraccoitaliano.org\/wp\/wp-content\/uploads\/2024\/02\/assemblea.jpg\",\"articleSection\":[\"News\"],\"inLanguage\":\"it-IT\",\"potentialAction\":[{\"@type\":\"CommentAction\",\"name\":\"Comment\",\"target\":[\"https:\/\/ilbraccoitaliano.org\/wp\/2024\/02\/28\/assemblea-dei-soci-marzo-2024\/#respond\"]}]},{\"@type\":\"WebPage\",\"@id\":\"https:\/\/ilbraccoitaliano.org\/wp\/2024\/02\/28\/assemblea-dei-soci-marzo-2024\/\",\"url\":\"https:\/\/ilbraccoitaliano.org\/wp\/2024\/02\/28\/assemblea-dei-soci-marzo-2024\/\",\"name\":\"Avviso convocazione dell\u2019assemblea dei soci 17 marzo 2024 - Societ\u00e0 Amatori Bracco Italiano\",\"isPartOf\":{\"@id\":\"https:\/\/ilbraccoitaliano.org\/wp\/#website\"},\"primaryImageOfPage\":{\"@id\":\"https:\/\/ilbraccoitaliano.org\/wp\/2024\/02\/28\/assemblea-dei-soci-marzo-2024\/#primaryimage\"},\"image\":{\"@id\":\"https:\/\/ilbraccoitaliano.org\/wp\/2024\/02\/28\/assemblea-dei-soci-marzo-2024\/#primaryimage\"},\"thumbnailUrl\":\"https:\/\/ilbraccoitaliano.org\/wp\/wp-content\/uploads\/2024\/02\/assemblea.jpg\",\"datePublished\":\"2024-02-28T13:14:01+00:00\",\"dateModified\":\"2024-02-28T13:14:02+00:00\",\"breadcrumb\":{\"@id\":\"https:\/\/ilbraccoitaliano.org\/wp\/2024\/02\/28\/assemblea-dei-soci-marzo-2024\/#breadcrumb\"},\"inLanguage\":\"it-IT\",\"potentialAction\":[{\"@type\":\"ReadAction\",\"target\":[\"https:\/\/ilbraccoitaliano.org\/wp\/2024\/02\/28\/assemblea-dei-soci-marzo-2024\/\"]}]},{\"@type\":\"ImageObject\",\"inLanguage\":\"it-IT\",\"@id\":\"https:\/\/ilbraccoitaliano.org\/wp\/2024\/02\/28\/assemblea-dei-soci-marzo-2024\/#primaryimage\",\"url\":\"https:\/\/ilbraccoitaliano.org\/wp\/wp-content\/uploads\/2024\/02\/assemblea.jpg\",\"contentUrl\":\"https:\/\/ilbraccoitaliano.org\/wp\/wp-content\/uploads\/2024\/02\/assemblea.jpg\",\"width\":1200,\"height\":626},{\"@type\":\"BreadcrumbList\",\"@id\":\"https:\/\/ilbraccoitaliano.org\/wp\/2024\/02\/28\/assemblea-dei-soci-marzo-2024\/#breadcrumb\",\"itemListElement\":[{\"@type\":\"ListItem\",\"position\":1,\"name\":\"Home\",\"item\":\"https:\/\/ilbraccoitaliano.org\/wp\/\"},{\"@type\":\"ListItem\",\"position\":2,\"name\":\"Avviso convocazione dell\u2019assemblea dei soci 17 marzo 2024\"}]},{\"@type\":\"WebSite\",\"@id\":\"https:\/\/ilbraccoitaliano.org\/wp\/#website\",\"url\":\"https:\/\/ilbraccoitaliano.org\/wp\/\",\"name\":\"Societ\u00e0 Amatori Bracco Italiano\",\"description\":\"Riconosciuta dall&#039;E.N.C.I dal 1949\",\"publisher\":{\"@id\":\"https:\/\/ilbraccoitaliano.org\/wp\/#organization\"},\"potentialAction\":[{\"@type\":\"SearchAction\",\"target\":{\"@type\":\"EntryPoint\",\"urlTemplate\":\"https:\/\/ilbraccoitaliano.org\/wp\/?s={search_term_string}\"},\"query-input\":{\"@type\":\"PropertyValueSpecification\",\"valueRequired\":true,\"valueName\":\"search_term_string\"}}],\"inLanguage\":\"it-IT\"},{\"@type\":\"Organization\",\"@id\":\"https:\/\/ilbraccoitaliano.org\/wp\/#organization\",\"name\":\"Societ\u00e0 Amatori Bracco Italiano\",\"url\":\"https:\/\/ilbraccoitaliano.org\/wp\/\",\"logo\":{\"@type\":\"ImageObject\",\"inLanguage\":\"it-IT\",\"@id\":\"https:\/\/ilbraccoitaliano.org\/wp\/#\/schema\/logo\/image\/\",\"url\":\"https:\/\/ilbraccoitaliano.org\/wp\/wp-content\/uploads\/2022\/05\/Logo-SABIok.png\",\"contentUrl\":\"https:\/\/ilbraccoitaliano.org\/wp\/wp-content\/uploads\/2022\/05\/Logo-SABIok.png\",\"width\":500,\"height\":355,\"caption\":\"Societ\u00e0 Amatori Bracco Italiano\"},\"image\":{\"@id\":\"https:\/\/ilbraccoitaliano.org\/wp\/#\/schema\/logo\/image\/\"}},{\"@type\":\"Person\",\"@id\":\"https:\/\/ilbraccoitaliano.org\/wp\/#\/schema\/person\/25d36234b2843bd28eed53a96153152f\",\"name\":\"Amministrazione\",\"image\":{\"@type\":\"ImageObject\",\"inLanguage\":\"it-IT\",\"@id\":\"https:\/\/ilbraccoitaliano.org\/wp\/#\/schema\/person\/image\/\",\"url\":\"https:\/\/secure.gravatar.com\/avatar\/32c9dd553c3dc286ce7fe8e431262c05?s=96&d=mm&r=g\",\"contentUrl\":\"https:\/\/secure.gravatar.com\/avatar\/32c9dd553c3dc286ce7fe8e431262c05?s=96&d=mm&r=g\",\"caption\":\"Amministrazione\"}}]}<\/script>\n<!-- \/ Yoast SEO plugin. -->","yoast_head_json":{"title":"Avviso convocazione dell\u2019assemblea dei soci 17 marzo 2024 - Societ\u00e0 Amatori Bracco Italiano","robots":{"index":"index","follow":"follow","max-snippet":"max-snippet:-1","max-image-preview":"max-image-preview:large","max-video-preview":"max-video-preview:-1"},"canonical":"https:\/\/ilbraccoitaliano.org\/wp\/2024\/02\/28\/assemblea-dei-soci-marzo-2024\/","og_locale":"it_IT","og_type":"article","og_title":"Avviso convocazione dell\u2019assemblea dei soci 17 marzo 2024 - Societ\u00e0 Amatori Bracco Italiano","og_description":"Ai sensi degli art. 12, 13 e 14 dello Statuto Sociale della Societ\u00e0 Amatori Bracco Italiano (SABI), si comunica che l&#8217;Assemblea Ordinaria dei Soci della SABI \u00e8 convocata in Parma presso Federcaccia &#8211; Piazza Lago Balano 9 &#8211; 43126 Parma &#8211; alle ore 09:00 di domenica 17 marzo 2024 e in seconda convocazione per lo [&hellip;]","og_url":"https:\/\/ilbraccoitaliano.org\/wp\/2024\/02\/28\/assemblea-dei-soci-marzo-2024\/","og_site_name":"Societ\u00e0 Amatori Bracco Italiano","article_published_time":"2024-02-28T13:14:01+00:00","article_modified_time":"2024-02-28T13:14:02+00:00","og_image":[{"width":1200,"height":626,"url":"http:\/\/ilbraccoitaliano.org\/wp\/wp-content\/uploads\/2024\/02\/assemblea.jpg","type":"image\/jpeg"}],"author":"Amministrazione","twitter_card":"summary_large_image","twitter_misc":{"Scritto da":"Amministrazione","Tempo di lettura stimato":"2 minuti"},"schema":{"@context":"https:\/\/schema.org","@graph":[{"@type":"Article","@id":"https:\/\/ilbraccoitaliano.org\/wp\/2024\/02\/28\/assemblea-dei-soci-marzo-2024\/#article","isPartOf":{"@id":"https:\/\/ilbraccoitaliano.org\/wp\/2024\/02\/28\/assemblea-dei-soci-marzo-2024\/"},"author":{"name":"Amministrazione","@id":"https:\/\/ilbraccoitaliano.org\/wp\/#\/schema\/person\/25d36234b2843bd28eed53a96153152f"},"headline":"Avviso convocazione dell\u2019assemblea dei soci 17 marzo 2024","datePublished":"2024-02-28T13:14:01+00:00","dateModified":"2024-02-28T13:14:02+00:00","mainEntityOfPage":{"@id":"https:\/\/ilbraccoitaliano.org\/wp\/2024\/02\/28\/assemblea-dei-soci-marzo-2024\/"},"wordCount":268,"commentCount":0,"publisher":{"@id":"https:\/\/ilbraccoitaliano.org\/wp\/#organization"},"image":{"@id":"https:\/\/ilbraccoitaliano.org\/wp\/2024\/02\/28\/assemblea-dei-soci-marzo-2024\/#primaryimage"},"thumbnailUrl":"https:\/\/ilbraccoitaliano.org\/wp\/wp-content\/uploads\/2024\/02\/assemblea.jpg","articleSection":["News"],"inLanguage":"it-IT","potentialAction":[{"@type":"CommentAction","name":"Comment","target":["https:\/\/ilbraccoitaliano.org\/wp\/2024\/02\/28\/assemblea-dei-soci-marzo-2024\/#respond"]}]},{"@type":"WebPage","@id":"https:\/\/ilbraccoitaliano.org\/wp\/2024\/02\/28\/assemblea-dei-soci-marzo-2024\/","url":"https:\/\/ilbraccoitaliano.org\/wp\/2024\/02\/28\/assemblea-dei-soci-marzo-2024\/","name":"Avviso convocazione dell\u2019assemblea dei soci 17 marzo 2024 - Societ\u00e0 Amatori Bracco Italiano","isPartOf":{"@id":"https:\/\/ilbraccoitaliano.org\/wp\/#website"},"primaryImageOfPage":{"@id":"https:\/\/ilbraccoitaliano.org\/wp\/2024\/02\/28\/assemblea-dei-soci-marzo-2024\/#primaryimage"},"image":{"@id":"https:\/\/ilbraccoitaliano.org\/wp\/2024\/02\/28\/assemblea-dei-soci-marzo-2024\/#primaryimage"},"thumbnailUrl":"https:\/\/ilbraccoitaliano.org\/wp\/wp-content\/uploads\/2024\/02\/assemblea.jpg","datePublished":"2024-02-28T13:14:01+00:00","dateModified":"2024-02-28T13:14:02+00:00","breadcrumb":{"@id":"https:\/\/ilbraccoitaliano.org\/wp\/2024\/02\/28\/assemblea-dei-soci-marzo-2024\/#breadcrumb"},"inLanguage":"it-IT","potentialAction":[{"@type":"ReadAction","target":["https:\/\/ilbraccoitaliano.org\/wp\/2024\/02\/28\/assemblea-dei-soci-marzo-2024\/"]}]},{"@type":"ImageObject","inLanguage":"it-IT","@id":"https:\/\/ilbraccoitaliano.org\/wp\/2024\/02\/28\/assemblea-dei-soci-marzo-2024\/#primaryimage","url":"https:\/\/ilbraccoitaliano.org\/wp\/wp-content\/uploads\/2024\/02\/assemblea.jpg","contentUrl":"https:\/\/ilbraccoitaliano.org\/wp\/wp-content\/uploads\/2024\/02\/assemblea.jpg","width":1200,"height":626},{"@type":"BreadcrumbList","@id":"https:\/\/ilbraccoitaliano.org\/wp\/2024\/02\/28\/assemblea-dei-soci-marzo-2024\/#breadcrumb","itemListElement":[{"@type":"ListItem","position":1,"name":"Home","item":"https:\/\/ilbraccoitaliano.org\/wp\/"},{"@type":"ListItem","position":2,"name":"Avviso convocazione dell\u2019assemblea dei soci 17 marzo 2024"}]},{"@type":"WebSite","@id":"https:\/\/ilbraccoitaliano.org\/wp\/#website","url":"https:\/\/ilbraccoitaliano.org\/wp\/","name":"Societ\u00e0 Amatori Bracco Italiano","description":"Riconosciuta dall&#039;E.N.C.I dal 1949","publisher":{"@id":"https:\/\/ilbraccoitaliano.org\/wp\/#organization"},"potentialAction":[{"@type":"SearchAction","target":{"@type":"EntryPoint","urlTemplate":"https:\/\/ilbraccoitaliano.org\/wp\/?s={search_term_string}"},"query-input":{"@type":"PropertyValueSpecification","valueRequired":true,"valueName":"search_term_string"}}],"inLanguage":"it-IT"},{"@type":"Organization","@id":"https:\/\/ilbraccoitaliano.org\/wp\/#organization","name":"Societ\u00e0 Amatori Bracco Italiano","url":"https:\/\/ilbraccoitaliano.org\/wp\/","logo":{"@type":"ImageObject","inLanguage":"it-IT","@id":"https:\/\/ilbraccoitaliano.org\/wp\/#\/schema\/logo\/image\/","url":"https:\/\/ilbraccoitaliano.org\/wp\/wp-content\/uploads\/2022\/05\/Logo-SABIok.png","contentUrl":"https:\/\/ilbraccoitaliano.org\/wp\/wp-content\/uploads\/2022\/05\/Logo-SABIok.png","width":500,"height":355,"caption":"Societ\u00e0 Amatori Bracco Italiano"},"image":{"@id":"https:\/\/ilbraccoitaliano.org\/wp\/#\/schema\/logo\/image\/"}},{"@type":"Person","@id":"https:\/\/ilbraccoitaliano.org\/wp\/#\/schema\/person\/25d36234b2843bd28eed53a96153152f","name":"Amministrazione","image":{"@type":"ImageObject","inLanguage":"it-IT","@id":"https:\/\/ilbraccoitaliano.org\/wp\/#\/schema\/person\/image\/","url":"https:\/\/secure.gravatar.com\/avatar\/32c9dd553c3dc286ce7fe8e431262c05?s=96&d=mm&r=g","contentUrl":"https:\/\/secure.gravatar.com\/avatar\/32c9dd553c3dc286ce7fe8e431262c05?s=96&d=mm&r=g","caption":"Amministrazione"}}]}},"jetpack_featured_media_url":"https:\/\/ilbraccoitaliano.org\/wp\/wp-content\/uploads\/2024\/02\/assemblea.jpg","_links":{"self":[{"href":"https:\/\/ilbraccoitaliano.org\/wp\/wp-json\/wp\/v2\/posts\/24339","targetHints":{"allow":["GET"]}}],"collection":[{"href":"https:\/\/ilbraccoitaliano.org\/wp\/wp-json\/wp\/v2\/posts"}],"about":[{"href":"https:\/\/ilbraccoitaliano.org\/wp\/wp-json\/wp\/v2\/types\/post"}],"author":[{"embeddable":true,"href":"https:\/\/ilbraccoitaliano.org\/wp\/wp-json\/wp\/v2\/users\/5"}],"replies":[{"embeddable":true,"href":"https:\/\/ilbraccoitaliano.org\/wp\/wp-json\/wp\/v2\/comments?post=24339"}],"version-history":[{"count":1,"href":"https:\/\/ilbraccoitaliano.org\/wp\/wp-json\/wp\/v2\/posts\/24339\/revisions"}],"predecessor-version":[{"id":24340,"href":"https:\/\/ilbraccoitaliano.org\/wp\/wp-json\/wp\/v2\/posts\/24339\/revisions\/24340"}],"wp:featuredmedia":[{"embeddable":true,"href":"https:\/\/ilbraccoitaliano.org\/wp\/wp-json\/wp\/v2\/media\/24341"}],"wp:attachment":[{"href":"https:\/\/ilbraccoitaliano.org\/wp\/wp-json\/wp\/v2\/media?parent=24339"}],"wp:term":[{"taxonomy":"category","embeddable":true,"href":"https:\/\/ilbraccoitaliano.org\/wp\/wp-json\/wp\/v2\/categories?post=24339"},{"taxonomy":"post_tag","embeddable":true,"href":"https:\/\/ilbraccoitaliano.org\/wp\/wp-json\/wp\/v2\/tags?post=24339"}],"curies":[{"name":"wp","href":"https:\/\/api.w.org\/{rel}","templated":true}]}}